{"id":829,"date":"2024-04-12T08:00:00","date_gmt":"2024-04-12T06:00:00","guid":{"rendered":"https:\/\/julievidalenc.fr\/?p=829"},"modified":"2024-04-10T08:38:34","modified_gmt":"2024-04-10T06:38:34","slug":"le-superpouvoir-des-chaussettes-en-laine","status":"publish","type":"post","link":"https:\/\/julievidalenc.fr\/index.php\/2024\/04\/12\/le-superpouvoir-des-chaussettes-en-laine\/","title":{"rendered":"Le superpouvoir des grosses chaussettes en laine"},"content":{"rendered":"\n<blockquote class=\"wp-block-quote is-layout-flow wp-block-quote-is-layout-flow\">\n<p><strong>Est-il vrai que porter une superbe paire de chaussettes en laine pour se coucher favorise un sommeil r\u00e9parateur ? Examinons cette hypoth\u00e8se de plus pr\u00e8s.<\/strong><\/p>\n<\/blockquote>\n\n\n\n<p>Notre horloge biologique imprime notre rythme sommeil\/veille, mais \u00e9galement celui de notre <strong>temp\u00e9rature corporelle<\/strong>.<\/p>\n\n\n\n<p>On parle ici de <strong>temp\u00e9rature corporelle centrale,<\/strong> qui oscille chez un adulte entre 36.5\u00b0C et 37.5\u00b0C, contrairement \u00e0 la temp\u00e9rature corporelle cutan\u00e9e qui varie beaucoup en fonction de l\u2019environnement (28\u00b0C \u00e0 37\u00b0C).<\/p>\n\n\n\n<p><strong>Notre sommeil suit de pr\u00e8s le rythme de cette temp\u00e9rature corporelle<\/strong>&nbsp;: nous nous endormons quand elle commence \u00e0 baisser. Elle est la plus basse entre 3 et 5h du matin, quand il est le plus difficile de rester \u00e9veill\u00e9 et elle remonte \u00e0 la fin de la nuit pour favoriser le r\u00e9veil. Pour bien dormir, notre temp\u00e9rature corporelle <strong>doit baisser d\u2019environ un degr\u00e9<\/strong>.<\/p>\n\n\n\n<figure class=\"wp-block-image aligncenter size-full is-resized\"><img loading=\"lazy\" decoding=\"async\" width=\"1024\" height=\"700\" src=\"https:\/\/julievidalenc.fr\/wp-content\/uploads\/2024\/04\/sommeil_chaussettes_2.jpg\" alt=\"sommeil_chaussettes_2\" class=\"wp-image-831\" style=\"aspect-ratio:1.3333333333333333;object-fit:cover;width:828px;height:auto\" srcset=\"https:\/\/julievidalenc.fr\/wp-content\/uploads\/2024\/04\/sommeil_chaussettes_2.jpg 1024w, https:\/\/julievidalenc.fr\/wp-content\/uploads\/2024\/04\/sommeil_chaussettes_2-980x670.jpg 980w, https:\/\/julievidalenc.fr\/wp-content\/uploads\/2024\/04\/sommeil_chaussettes_2-480x328.jpg 480w\" sizes=\"(min-width: 0px) and (max-width: 480px) 480px, (min-width: 481px) and (max-width: 980px) 980px, (min-width: 981px) 1024px, 100vw\" \/><\/figure>\n\n\n\n<p>La majeure partie du travail thermique de notre corps se fait via <strong>trois zones du corps qui servent de d\u00e9tecteurs et de r\u00e9gulateurs&nbsp;: la t\u00eate, les pieds et les mains.<\/strong> Ces trois zones jouent un r\u00f4le dans la thermor\u00e9gulation. Pour cela, elles font appel \u00e0 deux m\u00e9canismes&nbsp;:<\/p>\n\n\n\n<ul class=\"wp-block-list\">\n<li><strong>La vasoconstriction<\/strong> (le diam\u00e8tre des vaisseaux sanguins diminue) ou encore <strong>le frisson,<\/strong> pour cr\u00e9er de la chaleur<\/li>\n\n\n\n<li><strong>La vasodilatation<\/strong> (le diam\u00e8tre des vaisseaux sanguins augmente) ou encore <strong>la transpiration<\/strong> pour refroidir l\u2019organisme<\/li>\n<\/ul>\n\n\n\n<p>Pour bien s\u2019endormir, c\u2019est le dernier m\u00e9canisme qui va nous int\u00e9resser.<\/p>\n\n\n\n<p><strong>Revenons \u00e0 nos grosses chaussettes en laine<\/strong>, que se passe-t-il lorsqu\u2019on les enfile&nbsp;?<\/p>\n\n\n\n<figure class=\"wp-block-image aligncenter size-full is-resized\"><img loading=\"lazy\" decoding=\"async\" width=\"1024\" height=\"1024\" src=\"https:\/\/julievidalenc.fr\/wp-content\/uploads\/2024\/04\/sommeil_chaussettes_4.png\" alt=\"sommeil_chaussettes_4\" class=\"wp-image-840\" style=\"width:837px;height:auto\" srcset=\"https:\/\/julievidalenc.fr\/wp-content\/uploads\/2024\/04\/sommeil_chaussettes_4.png 1024w, https:\/\/julievidalenc.fr\/wp-content\/uploads\/2024\/04\/sommeil_chaussettes_4-980x980.png 980w, https:\/\/julievidalenc.fr\/wp-content\/uploads\/2024\/04\/sommeil_chaussettes_4-480x480.png 480w\" sizes=\"(min-width: 0px) and (max-width: 480px) 480px, (min-width: 481px) and (max-width: 980px) 980px, (min-width: 981px) 1024px, 100vw\" \/><\/figure>\n\n\n\n<p>Avec des chaussettes, on constate donc <strong>un meilleur sommeil avec une diminution du temps d\u2019endormissement, et m\u00eame une am\u00e9lioration de la profondeur du sommeil<\/strong>.<\/p>\n\n\n\n<p>Maintenant, le secret d\u2019une bonne nuit vous appartient, et il est au bout de vos orteils&nbsp;!<\/p>\n\n\n\n<p>A bient\u00f4t,<\/p>\n\n\n\n<p>Julie<\/p>\n","protected":false},"excerpt":{"rendered":"<p>Est-il vrai que porter une superbe paire de chaussettes en laine pour se coucher favorise un sommeil r\u00e9parateur ? Examinons cette hypoth\u00e8se de plus pr\u00e8s. Notre horloge biologique imprime notre rythme sommeil\/veille, mais \u00e9galement celui de notre temp\u00e9rature corporelle. On parle ici de temp\u00e9rature corporelle centrale, qui oscille chez un adulte entre 36.5\u00b0C et 37.5\u00b0C, [&hellip;]<\/p>\n","protected":false},"author":2,"featured_media":830,"comment_status":"closed","ping_status":"closed","sticky":false,"template":"","format":"standard","meta":{"_et_pb_use_builder":"off","_et_pb_old_content":"","_et_gb_content_width":"1080","footnotes":""},"categories":[15],"tags":[],"class_list":["post-829","post","type-post","status-publish","format-standard","has-post-thumbnail","hentry","category-hygiene-de-vie"],"yoast_head":"<!-- This site is optimized with the Yoast SEO plugin v27.4 - https:\/\/yoast.com\/product\/yoast-seo-wordpress\/ -->\n<title>Le superpouvoir des grosses chaussettes en laine - Julie Vidalenc<\/title>\n<meta name=\"description\" content=\"Est-il vrai que porter une superbe paire de chaussettes en laine pour se coucher favorise un sommeil r\u00e9parateur ?\" \/>\n<meta name=\"robots\" content=\"index, follow, max-snippet:-1, max-image-preview:large, max-video-preview:-1\" \/>\n<link rel=\"canonical\" href=\"https:\/\/julievidalenc.fr\/index.php\/2024\/04\/12\/le-superpouvoir-des-chaussettes-en-laine\/\" \/>\n<meta property=\"og:locale\" content=\"fr_FR\" \/>\n<meta property=\"og:type\" content=\"article\" \/>\n<meta property=\"og:title\" content=\"Le superpouvoir des grosses chaussettes en laine - Julie Vidalenc\" \/>\n<meta property=\"og:description\" content=\"Est-il vrai que porter une superbe paire de chaussettes en laine pour se coucher favorise un sommeil r\u00e9parateur ?\" \/>\n<meta property=\"og:url\" content=\"https:\/\/julievidalenc.fr\/index.php\/2024\/04\/12\/le-superpouvoir-des-chaussettes-en-laine\/\" \/>\n<meta property=\"og:site_name\" content=\"Julie Vidalenc\" \/>\n<meta property=\"article:published_time\" content=\"2024-04-12T06:00:00+00:00\" \/>\n<meta property=\"og:image\" content=\"https:\/\/julievidalenc.fr\/wp-content\/uploads\/2024\/04\/sommeil_chaussettes_1.jpg\" \/>\n\t<meta property=\"og:image:width\" content=\"1024\" \/>\n\t<meta property=\"og:image:height\" content=\"1536\" \/>\n\t<meta property=\"og:image:type\" content=\"image\/jpeg\" \/>\n<meta name=\"author\" content=\"Julie\" \/>\n<meta name=\"twitter:card\" content=\"summary_large_image\" \/>\n<meta name=\"twitter:label1\" content=\"\u00c9crit par\" \/>\n\t<meta name=\"twitter:data1\" content=\"Julie\" \/>\n\t<meta name=\"twitter:label2\" content=\"Dur\u00e9e de lecture estim\u00e9e\" \/>\n\t<meta name=\"twitter:data2\" content=\"2 minutes\" \/>\n<script type=\"application\/ld+json\" class=\"yoast-schema-graph\">{\"@context\":\"https:\\\/\\\/schema.org\",\"@graph\":[{\"@type\":\"Article\",\"@id\":\"https:\\\/\\\/julievidalenc.fr\\\/index.php\\\/2024\\\/04\\\/12\\\/le-superpouvoir-des-chaussettes-en-laine\\\/#article\",\"isPartOf\":{\"@id\":\"https:\\\/\\\/julievidalenc.fr\\\/index.php\\\/2024\\\/04\\\/12\\\/le-superpouvoir-des-chaussettes-en-laine\\\/\"},\"author\":{\"name\":\"Julie\",\"@id\":\"https:\\\/\\\/julievidalenc.fr\\\/#\\\/schema\\\/person\\\/3f4f1d5c258d00ef8999e04b167581d2\"},\"headline\":\"Le superpouvoir des grosses chaussettes en laine\",\"datePublished\":\"2024-04-12T06:00:00+00:00\",\"mainEntityOfPage\":{\"@id\":\"https:\\\/\\\/julievidalenc.fr\\\/index.php\\\/2024\\\/04\\\/12\\\/le-superpouvoir-des-chaussettes-en-laine\\\/\"},\"wordCount\":318,\"publisher\":{\"@id\":\"https:\\\/\\\/julievidalenc.fr\\\/#organization\"},\"image\":{\"@id\":\"https:\\\/\\\/julievidalenc.fr\\\/index.php\\\/2024\\\/04\\\/12\\\/le-superpouvoir-des-chaussettes-en-laine\\\/#primaryimage\"},\"thumbnailUrl\":\"https:\\\/\\\/julievidalenc.fr\\\/wp-content\\\/uploads\\\/2024\\\/04\\\/sommeil_chaussettes_1.jpg\",\"articleSection\":[\"Hygi\u00e8ne de vie\"],\"inLanguage\":\"fr-FR\"},{\"@type\":\"WebPage\",\"@id\":\"https:\\\/\\\/julievidalenc.fr\\\/index.php\\\/2024\\\/04\\\/12\\\/le-superpouvoir-des-chaussettes-en-laine\\\/\",\"url\":\"https:\\\/\\\/julievidalenc.fr\\\/index.php\\\/2024\\\/04\\\/12\\\/le-superpouvoir-des-chaussettes-en-laine\\\/\",\"name\":\"Le superpouvoir des grosses chaussettes en laine - Julie Vidalenc\",\"isPartOf\":{\"@id\":\"https:\\\/\\\/julievidalenc.fr\\\/#website\"},\"primaryImageOfPage\":{\"@id\":\"https:\\\/\\\/julievidalenc.fr\\\/index.php\\\/2024\\\/04\\\/12\\\/le-superpouvoir-des-chaussettes-en-laine\\\/#primaryimage\"},\"image\":{\"@id\":\"https:\\\/\\\/julievidalenc.fr\\\/index.php\\\/2024\\\/04\\\/12\\\/le-superpouvoir-des-chaussettes-en-laine\\\/#primaryimage\"},\"thumbnailUrl\":\"https:\\\/\\\/julievidalenc.fr\\\/wp-content\\\/uploads\\\/2024\\\/04\\\/sommeil_chaussettes_1.jpg\",\"datePublished\":\"2024-04-12T06:00:00+00:00\",\"description\":\"Est-il vrai que porter une superbe paire de chaussettes en laine pour se coucher favorise un sommeil r\u00e9parateur ?\",\"breadcrumb\":{\"@id\":\"https:\\\/\\\/julievidalenc.fr\\\/index.php\\\/2024\\\/04\\\/12\\\/le-superpouvoir-des-chaussettes-en-laine\\\/#breadcrumb\"},\"inLanguage\":\"fr-FR\",\"potentialAction\":[{\"@type\":\"ReadAction\",\"target\":[\"https:\\\/\\\/julievidalenc.fr\\\/index.php\\\/2024\\\/04\\\/12\\\/le-superpouvoir-des-chaussettes-en-laine\\\/\"]}]},{\"@type\":\"ImageObject\",\"inLanguage\":\"fr-FR\",\"@id\":\"https:\\\/\\\/julievidalenc.fr\\\/index.php\\\/2024\\\/04\\\/12\\\/le-superpouvoir-des-chaussettes-en-laine\\\/#primaryimage\",\"url\":\"https:\\\/\\\/julievidalenc.fr\\\/wp-content\\\/uploads\\\/2024\\\/04\\\/sommeil_chaussettes_1.jpg\",\"contentUrl\":\"https:\\\/\\\/julievidalenc.fr\\\/wp-content\\\/uploads\\\/2024\\\/04\\\/sommeil_chaussettes_1.jpg\",\"width\":1024,\"height\":1536,\"caption\":\"sommeil_chaussettes_1\"},{\"@type\":\"BreadcrumbList\",\"@id\":\"https:\\\/\\\/julievidalenc.fr\\\/index.php\\\/2024\\\/04\\\/12\\\/le-superpouvoir-des-chaussettes-en-laine\\\/#breadcrumb\",\"itemListElement\":[{\"@type\":\"ListItem\",\"position\":1,\"name\":\"Accueil\",\"item\":\"https:\\\/\\\/julievidalenc.fr\\\/\"},{\"@type\":\"ListItem\",\"position\":2,\"name\":\"Le superpouvoir des grosses chaussettes en laine\"}]},{\"@type\":\"WebSite\",\"@id\":\"https:\\\/\\\/julievidalenc.fr\\\/#website\",\"url\":\"https:\\\/\\\/julievidalenc.fr\\\/\",\"name\":\"Julie Vidalenc\",\"description\":\"Sp\u00e9cialiste du sommeil Nantes\",\"publisher\":{\"@id\":\"https:\\\/\\\/julievidalenc.fr\\\/#organization\"},\"potentialAction\":[{\"@type\":\"SearchAction\",\"target\":{\"@type\":\"EntryPoint\",\"urlTemplate\":\"https:\\\/\\\/julievidalenc.fr\\\/?s={search_term_string}\"},\"query-input\":{\"@type\":\"PropertyValueSpecification\",\"valueRequired\":true,\"valueName\":\"search_term_string\"}}],\"inLanguage\":\"fr-FR\"},{\"@type\":\"Organization\",\"@id\":\"https:\\\/\\\/julievidalenc.fr\\\/#organization\",\"name\":\"Julie Vidalenc\",\"url\":\"https:\\\/\\\/julievidalenc.fr\\\/\",\"logo\":{\"@type\":\"ImageObject\",\"inLanguage\":\"fr-FR\",\"@id\":\"https:\\\/\\\/julievidalenc.fr\\\/#\\\/schema\\\/logo\\\/image\\\/\",\"url\":\"http:\\\/\\\/julievidalenc.fr\\\/wp-content\\\/uploads\\\/2023\\\/07\\\/LogoJVidalenc_RVB.png\",\"contentUrl\":\"http:\\\/\\\/julievidalenc.fr\\\/wp-content\\\/uploads\\\/2023\\\/07\\\/LogoJVidalenc_RVB.png\",\"width\":1258,\"height\":960,\"caption\":\"Julie Vidalenc\"},\"image\":{\"@id\":\"https:\\\/\\\/julievidalenc.fr\\\/#\\\/schema\\\/logo\\\/image\\\/\"}},{\"@type\":\"Person\",\"@id\":\"https:\\\/\\\/julievidalenc.fr\\\/#\\\/schema\\\/person\\\/3f4f1d5c258d00ef8999e04b167581d2\",\"name\":\"Julie\",\"image\":{\"@type\":\"ImageObject\",\"inLanguage\":\"fr-FR\",\"@id\":\"https:\\\/\\\/secure.gravatar.com\\\/avatar\\\/f7ae1a1f758c327f69121b69af76aa9f4d4d5f3d0c6cb2d276beb6a77ea622e3?s=96&d=mm&r=g\",\"url\":\"https:\\\/\\\/secure.gravatar.com\\\/avatar\\\/f7ae1a1f758c327f69121b69af76aa9f4d4d5f3d0c6cb2d276beb6a77ea622e3?s=96&d=mm&r=g\",\"contentUrl\":\"https:\\\/\\\/secure.gravatar.com\\\/avatar\\\/f7ae1a1f758c327f69121b69af76aa9f4d4d5f3d0c6cb2d276beb6a77ea622e3?s=96&d=mm&r=g\",\"caption\":\"Julie\"},\"sameAs\":[\"http:\\\/\\\/julievidalenc.fr\"],\"url\":\"https:\\\/\\\/julievidalenc.fr\\\/index.php\\\/author\\\/julie-vidalenc\\\/\"}]}<\/script>\n<!-- \/ Yoast SEO plugin. -->","yoast_head_json":{"title":"Le superpouvoir des grosses chaussettes en laine - Julie Vidalenc","description":"Est-il vrai que porter une superbe paire de chaussettes en laine pour se coucher favorise un sommeil r\u00e9parateur ?","robots":{"index":"index","follow":"follow","max-snippet":"max-snippet:-1","max-image-preview":"max-image-preview:large","max-video-preview":"max-video-preview:-1"},"canonical":"https:\/\/julievidalenc.fr\/index.php\/2024\/04\/12\/le-superpouvoir-des-chaussettes-en-laine\/","og_locale":"fr_FR","og_type":"article","og_title":"Le superpouvoir des grosses chaussettes en laine - Julie Vidalenc","og_description":"Est-il vrai que porter une superbe paire de chaussettes en laine pour se coucher favorise un sommeil r\u00e9parateur ?","og_url":"https:\/\/julievidalenc.fr\/index.php\/2024\/04\/12\/le-superpouvoir-des-chaussettes-en-laine\/","og_site_name":"Julie Vidalenc","article_published_time":"2024-04-12T06:00:00+00:00","og_image":[{"width":1024,"height":1536,"url":"https:\/\/julievidalenc.fr\/wp-content\/uploads\/2024\/04\/sommeil_chaussettes_1.jpg","type":"image\/jpeg"}],"author":"Julie","twitter_card":"summary_large_image","twitter_misc":{"\u00c9crit par":"Julie","Dur\u00e9e de lecture estim\u00e9e":"2 minutes"},"schema":{"@context":"https:\/\/schema.org","@graph":[{"@type":"Article","@id":"https:\/\/julievidalenc.fr\/index.php\/2024\/04\/12\/le-superpouvoir-des-chaussettes-en-laine\/#article","isPartOf":{"@id":"https:\/\/julievidalenc.fr\/index.php\/2024\/04\/12\/le-superpouvoir-des-chaussettes-en-laine\/"},"author":{"name":"Julie","@id":"https:\/\/julievidalenc.fr\/#\/schema\/person\/3f4f1d5c258d00ef8999e04b167581d2"},"headline":"Le superpouvoir des grosses chaussettes en laine","datePublished":"2024-04-12T06:00:00+00:00","mainEntityOfPage":{"@id":"https:\/\/julievidalenc.fr\/index.php\/2024\/04\/12\/le-superpouvoir-des-chaussettes-en-laine\/"},"wordCount":318,"publisher":{"@id":"https:\/\/julievidalenc.fr\/#organization"},"image":{"@id":"https:\/\/julievidalenc.fr\/index.php\/2024\/04\/12\/le-superpouvoir-des-chaussettes-en-laine\/#primaryimage"},"thumbnailUrl":"https:\/\/julievidalenc.fr\/wp-content\/uploads\/2024\/04\/sommeil_chaussettes_1.jpg","articleSection":["Hygi\u00e8ne de vie"],"inLanguage":"fr-FR"},{"@type":"WebPage","@id":"https:\/\/julievidalenc.fr\/index.php\/2024\/04\/12\/le-superpouvoir-des-chaussettes-en-laine\/","url":"https:\/\/julievidalenc.fr\/index.php\/2024\/04\/12\/le-superpouvoir-des-chaussettes-en-laine\/","name":"Le superpouvoir des grosses chaussettes en laine - Julie Vidalenc","isPartOf":{"@id":"https:\/\/julievidalenc.fr\/#website"},"primaryImageOfPage":{"@id":"https:\/\/julievidalenc.fr\/index.php\/2024\/04\/12\/le-superpouvoir-des-chaussettes-en-laine\/#primaryimage"},"image":{"@id":"https:\/\/julievidalenc.fr\/index.php\/2024\/04\/12\/le-superpouvoir-des-chaussettes-en-laine\/#primaryimage"},"thumbnailUrl":"https:\/\/julievidalenc.fr\/wp-content\/uploads\/2024\/04\/sommeil_chaussettes_1.jpg","datePublished":"2024-04-12T06:00:00+00:00","description":"Est-il vrai que porter une superbe paire de chaussettes en laine pour se coucher favorise un sommeil r\u00e9parateur ?","breadcrumb":{"@id":"https:\/\/julievidalenc.fr\/index.php\/2024\/04\/12\/le-superpouvoir-des-chaussettes-en-laine\/#breadcrumb"},"inLanguage":"fr-FR","potentialAction":[{"@type":"ReadAction","target":["https:\/\/julievidalenc.fr\/index.php\/2024\/04\/12\/le-superpouvoir-des-chaussettes-en-laine\/"]}]},{"@type":"ImageObject","inLanguage":"fr-FR","@id":"https:\/\/julievidalenc.fr\/index.php\/2024\/04\/12\/le-superpouvoir-des-chaussettes-en-laine\/#primaryimage","url":"https:\/\/julievidalenc.fr\/wp-content\/uploads\/2024\/04\/sommeil_chaussettes_1.jpg","contentUrl":"https:\/\/julievidalenc.fr\/wp-content\/uploads\/2024\/04\/sommeil_chaussettes_1.jpg","width":1024,"height":1536,"caption":"sommeil_chaussettes_1"},{"@type":"BreadcrumbList","@id":"https:\/\/julievidalenc.fr\/index.php\/2024\/04\/12\/le-superpouvoir-des-chaussettes-en-laine\/#breadcrumb","itemListElement":[{"@type":"ListItem","position":1,"name":"Accueil","item":"https:\/\/julievidalenc.fr\/"},{"@type":"ListItem","position":2,"name":"Le superpouvoir des grosses chaussettes en laine"}]},{"@type":"WebSite","@id":"https:\/\/julievidalenc.fr\/#website","url":"https:\/\/julievidalenc.fr\/","name":"Julie Vidalenc","description":"Sp\u00e9cialiste du sommeil Nantes","publisher":{"@id":"https:\/\/julievidalenc.fr\/#organization"},"potentialAction":[{"@type":"SearchAction","target":{"@type":"EntryPoint","urlTemplate":"https:\/\/julievidalenc.fr\/?s={search_term_string}"},"query-input":{"@type":"PropertyValueSpecification","valueRequired":true,"valueName":"search_term_string"}}],"inLanguage":"fr-FR"},{"@type":"Organization","@id":"https:\/\/julievidalenc.fr\/#organization","name":"Julie Vidalenc","url":"https:\/\/julievidalenc.fr\/","logo":{"@type":"ImageObject","inLanguage":"fr-FR","@id":"https:\/\/julievidalenc.fr\/#\/schema\/logo\/image\/","url":"http:\/\/julievidalenc.fr\/wp-content\/uploads\/2023\/07\/LogoJVidalenc_RVB.png","contentUrl":"http:\/\/julievidalenc.fr\/wp-content\/uploads\/2023\/07\/LogoJVidalenc_RVB.png","width":1258,"height":960,"caption":"Julie Vidalenc"},"image":{"@id":"https:\/\/julievidalenc.fr\/#\/schema\/logo\/image\/"}},{"@type":"Person","@id":"https:\/\/julievidalenc.fr\/#\/schema\/person\/3f4f1d5c258d00ef8999e04b167581d2","name":"Julie","image":{"@type":"ImageObject","inLanguage":"fr-FR","@id":"https:\/\/secure.gravatar.com\/avatar\/f7ae1a1f758c327f69121b69af76aa9f4d4d5f3d0c6cb2d276beb6a77ea622e3?s=96&d=mm&r=g","url":"https:\/\/secure.gravatar.com\/avatar\/f7ae1a1f758c327f69121b69af76aa9f4d4d5f3d0c6cb2d276beb6a77ea622e3?s=96&d=mm&r=g","contentUrl":"https:\/\/secure.gravatar.com\/avatar\/f7ae1a1f758c327f69121b69af76aa9f4d4d5f3d0c6cb2d276beb6a77ea622e3?s=96&d=mm&r=g","caption":"Julie"},"sameAs":["http:\/\/julievidalenc.fr"],"url":"https:\/\/julievidalenc.fr\/index.php\/author\/julie-vidalenc\/"}]}},"_links":{"self":[{"href":"https:\/\/julievidalenc.fr\/index.php\/wp-json\/wp\/v2\/posts\/829","targetHints":{"allow":["GET"]}}],"collection":[{"href":"https:\/\/julievidalenc.fr\/index.php\/wp-json\/wp\/v2\/posts"}],"about":[{"href":"https:\/\/julievidalenc.fr\/index.php\/wp-json\/wp\/v2\/types\/post"}],"author":[{"embeddable":true,"href":"https:\/\/julievidalenc.fr\/index.php\/wp-json\/wp\/v2\/users\/2"}],"replies":[{"embeddable":true,"href":"https:\/\/julievidalenc.fr\/index.php\/wp-json\/wp\/v2\/comments?post=829"}],"version-history":[{"count":3,"href":"https:\/\/julievidalenc.fr\/index.php\/wp-json\/wp\/v2\/posts\/829\/revisions"}],"predecessor-version":[{"id":841,"href":"https:\/\/julievidalenc.fr\/index.php\/wp-json\/wp\/v2\/posts\/829\/revisions\/841"}],"wp:featuredmedia":[{"embeddable":true,"href":"https:\/\/julievidalenc.fr\/index.php\/wp-json\/wp\/v2\/media\/830"}],"wp:attachment":[{"href":"https:\/\/julievidalenc.fr\/index.php\/wp-json\/wp\/v2\/media?parent=829"}],"wp:term":[{"taxonomy":"category","embeddable":true,"href":"https:\/\/julievidalenc.fr\/index.php\/wp-json\/wp\/v2\/categories?post=829"},{"taxonomy":"post_tag","embeddable":true,"href":"https:\/\/julievidalenc.fr\/index.php\/wp-json\/wp\/v2\/tags?post=829"}],"curies":[{"name":"wp","href":"https:\/\/api.w.org\/{rel}","templated":true}]}}