{"id":775,"date":"2023-11-30T09:15:43","date_gmt":"2023-11-30T08:15:43","guid":{"rendered":"https:\/\/julievidalenc.fr\/?p=775"},"modified":"2023-11-30T09:15:45","modified_gmt":"2023-11-30T08:15:45","slug":"rituel-du-soir","status":"publish","type":"post","link":"https:\/\/julievidalenc.fr\/index.php\/2023\/11\/30\/rituel-du-soir\/","title":{"rendered":"Rituel du soir, bonsoir !"},"content":{"rendered":"\n<blockquote class=\"wp-block-quote is-layout-flow wp-block-quote-is-layout-flow\">\n<p><strong>Notre cerveau a<\/strong> <strong>besoin de messages clairs&nbsp;: pour comprendre que c\u2019est l\u2019heure de dormir, l\u2019id\u00e9al est de lui dire au travers d\u2019un rituel du soir calme et apaisant.<\/strong><\/p>\n<\/blockquote>\n\n\n\n<p>Le rituel du soir est tr\u00e8s personnel et peut passer par des pratiques vari\u00e9es, tant qu\u2019elles produisent un effet apaisant sur notre syst\u00e8me nerveux.<\/p>\n\n\n\n<h3 class=\"wp-block-heading\">Des activit\u00e9s calmes<\/h3>\n\n\n\n<p>Certaines activit\u00e9s sont \u00e0 proscrire durant les trois heures qui pr\u00e9c\u00e8dent le coucher car elles retardent consid\u00e9rablement notre endormissement et perturbent la structure m\u00eame de notre sommeil, c\u2019est notamment le cas de la pratique sportive le soir mais \u00e9galement du temps pass\u00e9 devant nos \u00e9crans d\u2019ordinateurs, de t\u00e9l\u00e9phones, de tablettes le soir.<\/p>\n\n\n\n<p>Il convient donc de privil\u00e9gier des <strong>activit\u00e9s calmes<\/strong>, ne n\u00e9cessitant pas l\u2019utilisation d\u2019un \u00e9cran. Les possibilit\u00e9s sont extr\u00eamement vari\u00e9es et d\u00e9pendent bien entendu de vos go\u00fbts&nbsp;: lecture, broderie, dessin, journaling\u2026<\/p>\n\n\n\n<figure class=\"wp-block-image aligncenter size-full\"><img loading=\"lazy\" decoding=\"async\" width=\"800\" height=\"600\" src=\"https:\/\/julievidalenc.fr\/wp-content\/uploads\/2023\/11\/sommeil_rituel_soir_2.jpg\" alt=\"sommeil_rituel_soir_2\" class=\"wp-image-773\" style=\"aspect-ratio:4\/3;object-fit:cover\" srcset=\"https:\/\/julievidalenc.fr\/wp-content\/uploads\/2023\/11\/sommeil_rituel_soir_2.jpg 800w, https:\/\/julievidalenc.fr\/wp-content\/uploads\/2023\/11\/sommeil_rituel_soir_2-480x360.jpg 480w\" sizes=\"(min-width: 0px) and (max-width: 480px) 480px, (min-width: 481px) 800px, 100vw\" \/><\/figure>\n\n\n\n<p>Les situations de stress sont \u00e9videmment \u00e0 \u00e9viter au maximum, la soir\u00e9e n\u2019est donc pas le moment id\u00e9al pour faire des efforts de concentration sur des probl\u00e8mes personnels ou professionnels \u00e0 r\u00e9soudre.<\/p>\n\n\n\n<h3 class=\"wp-block-heading\">On se r\u00e9chauffe&nbsp;?<\/h3>\n\n\n\n<p>Comment parler de rituel sans parler de tisane&nbsp;? On le sait, <strong>la tisane du soir<\/strong> agit \u00e0 la fois par sa nature, si on utilise une plante s\u00e9dative (passiflore, escholtzia, val\u00e9riane, houblon\u2026)*, et par le rituel apaisant qui entoure sa consommation. Elle peut faire avantageusement partie du rituel, du sas de d\u00e9compression qui pr\u00e9pare au sommeil. Mais je conseille en g\u00e9n\u00e9ral de la prendre \u00e0 la fin du repas et non pas au moment du coucher, pour ne pas \u00eatre r\u00e9veill\u00e9 dans la nuit pour aller aux toilettes\u2026<\/p>\n\n\n\n<p>Et <strong>le verre de lait chaud<\/strong>&nbsp;? C\u2019est l\u2019exemple type de la fausse bonne id\u00e9e&nbsp;! Tout d\u2019abord parce qu\u2019il contient des prot\u00e9ines qui vont alourdir la digestion. Mais \u00e9galement parce que la prise de lait le soir en tant que source de tryptophane (et donc pr\u00e9curseur de la m\u00e9latonine) ne peut pas favoriser un bon endormissement car la quantit\u00e9 de tryptophane apport\u00e9e est faible et qu\u2019elle arrive bien trop tardivement. Pour favoriser un bon endormissement avec un apport alimentaire riche en tryptophane, cet apport doit \u00eatre fait en fin d\u2019apr\u00e8s-midi, vers 17-18h.<\/p>\n\n\n\n<p>Vous trouvez au contraire que le verre de lait chaud fonctionne pour vous&nbsp;? Tant mieux, mais il y a de grandes chances pour que ce soit un effet placebo, le fameux effet \u00ab&nbsp;rituel&nbsp;\u00bb&nbsp;!<\/p>\n\n\n\n<p>Le seul int\u00e9r\u00eat est qu&rsquo;il soit chaud car on sait qu\u2019une boisson chaude entra\u00eene une l\u00e9g\u00e8re sudation qui contribue \u00e0 baisser la temp\u00e9rature du corps et favoriser ainsi l\u2019endormissement.<\/p>\n\n\n\n<p>C\u2019est la m\u00eame id\u00e9e concernant un autre rituel tr\u00e8s appr\u00e9ci\u00e9&nbsp;: <strong>le bain&nbsp;chaud<\/strong>&nbsp;! (chaud hein, pas br\u00fblant non plus&nbsp;!).<\/p>\n\n\n\n<p>Que se passe-t-il quand vous prenez un bain chaud le soir&nbsp;? La chaleur de l\u2019eau va appeler le sang \u00e0 la surface de la peau. A la sortie du bain, les vaisseaux sanguins dilat\u00e9s \u00e0 la surface vont rapidement lib\u00e9rer la chaleur int\u00e9rieure, faisant ainsi chuter la temp\u00e9rature corporelle. Cela favorise ainsi l\u2019endormissement et permet d\u2019augmenter le sommeil profond. &nbsp;<\/p>\n\n\n\n<p>Au contraire, une douche fra\u00eeche va provoquer une vasoconstriction des vaisseaux sanguins de la peau, ce qui emp\u00eache la chaleur des tissus profonds de se dissiper en surface. Mieux vaut la r\u00e9server pour le matin.<\/p>\n\n\n\n<figure class=\"wp-block-image aligncenter size-full is-resized\"><img loading=\"lazy\" decoding=\"async\" width=\"700\" height=\"800\" src=\"https:\/\/julievidalenc.fr\/wp-content\/uploads\/2023\/11\/sommeil_rituel_soir_3.jpg\" alt=\"sommeil_rituel_soir_3\" class=\"wp-image-774\" style=\"width:585px;height:auto\" srcset=\"https:\/\/julievidalenc.fr\/wp-content\/uploads\/2023\/11\/sommeil_rituel_soir_3.jpg 700w, https:\/\/julievidalenc.fr\/wp-content\/uploads\/2023\/11\/sommeil_rituel_soir_3-480x549.jpg 480w\" sizes=\"(min-width: 0px) and (max-width: 480px) 480px, (min-width: 481px) 700px, 100vw\" \/><\/figure>\n\n\n\n<h3 class=\"wp-block-heading\">La pratique du l\u00e2cher-prise<\/h3>\n\n\n\n<p>Pour un effet de l\u00e2cher-prise, je ne peux \u00e9videmment que vous conseiller <strong>le massage<\/strong> qui peut aider \u00e0 am\u00e9liorer la qualit\u00e9 du sommeil en r\u00e9duisant le stress et les tensions. En favorisant la relaxation, le massage peut aider \u00e0 pr\u00e9parer le corps et l\u2019esprit \u00e0 un sommeil r\u00e9parateur.<\/p>\n\n\n\n<p>Il existe de petits <strong>protocoles d\u2019automassage<\/strong> pour favoriser un bon sommeil. En voici un \u00e0 pratiquer&nbsp;:<\/p>\n\n\n\n<p>Automassage du visage&nbsp;:<\/p>\n\n\n\n<ul class=\"wp-block-list\">\n<li><em>Avant de commencer, chauffez vos mains en frottant les paumes les unes contre les autres. Posez-les ensuite sur les yeux ferm\u00e9s, autant de temps que vous le souhaitez.&nbsp;Respirez&nbsp;lentement et profond\u00e9ment.<\/em><\/li>\n\n\n\n<li><em>Les paumes de mains chauff\u00e9es, passez-les d\u00e9licatement sur le front vers l&rsquo;ext\u00e9rieur. R\u00e9p\u00e9tez le mouvement trois fois. Avec un index, dessinez une ligne au milieu du front, de la base du nez \u00e0 la racine des cheveux. R\u00e9p\u00e9tez le mouvement trois fois \u00e9galement.<\/em><\/li>\n\n\n\n<li><em>Dans le sens des aiguilles d&rsquo;une montre, massez pendant quelques minutes les tempes. Avec vos index, glissez le long des ailes du nez, contournez les l\u00e8vres et massez l\u00e9g\u00e8rement le menton<\/em><\/li>\n<\/ul>\n\n\n\n<p>Pour optimiser l\u2019effet des massages, vous pouvez utiliser <strong>des huiles essentielles<\/strong>* aux propri\u00e9t\u00e9s s\u00e9datives et relaxantes, voire anxiolytiques.<\/p>\n\n\n\n<p>Petite id\u00e9e de massage avec des huiles essentielles&nbsp;: <em>frictionner au niveau du plexus solaire, de la nuque, de la base de la colonne vert\u00e9brale et de la plante des pieds un m\u00e9lange d\u2019une cuill\u00e8re \u00e0 caf\u00e9 d\u2019huile v\u00e9g\u00e9tale de rose, de 5 gouttes d\u2019huile essentielle de lavande, de 3 gouttes d\u2019huile essentielle de marjolaine et d\u2019une goutte d\u2019huile essentielle de neroli.<\/em><\/p>\n\n\n\n<p>Vous pouvez \u00e9galement utiliser les huiles essentielles en diffusion atmosph\u00e9rique, en diffusant une heure avant le coucher de l\u2019huile essentielle de lavande vraie ou d\u2019orange douce pendant 30 mn.<\/p>\n\n\n\n<p>Ne n\u00e9gligez pas, les <strong>techniques de respiration<\/strong> qui sont particuli\u00e8rement int\u00e9ressantes dans le traitement des troubles du sommeil et permettent d\u2019avoir des effets rapides.<\/p>\n\n\n\n<p>Je vous conseille pour cela le livre sur les diff\u00e9rentes techniques de respiration&nbsp;: <a href=\"https:\/\/www.fnac.com\/a3131158\/Christine-Campagnac-Morette-Apprendre-a-respirer-en-20-circonstances\">Apprendre \u00e0 respirer en 20 circonstances<\/a>, de C. Campagnac-Morette aux Editions du Dauphin, qui est tr\u00e8s accessible.<\/p>\n\n\n\n<p>Il ne vous reste plus qu\u2019\u00e0 composer et trouver votre propre rituel pour des nuits apais\u00e9es.<\/p>\n\n\n\n<p>A bient\u00f4t,<\/p>\n\n\n\n<p>Julie<\/p>\n\n\n\n<p>*<em>aucun traitement, m\u00eame par des plantes, n\u2019est anodin&nbsp;: consultez pr\u00e9alablement un professionnel<\/em><\/p>\n","protected":false},"excerpt":{"rendered":"<p>Notre cerveau a besoin de messages clairs&nbsp;: pour comprendre que c\u2019est l\u2019heure de dormir, l\u2019id\u00e9al est de lui dire au travers d\u2019un rituel du soir calme et apaisant. Le rituel du soir est tr\u00e8s personnel et peut passer par des pratiques vari\u00e9es, tant qu\u2019elles produisent un effet apaisant sur notre syst\u00e8me nerveux. Des activit\u00e9s calmes [&hellip;]<\/p>\n","protected":false},"author":2,"featured_media":777,"comment_status":"closed","ping_status":"closed","sticky":false,"template":"","format":"standard","meta":{"_et_pb_use_builder":"off","_et_pb_old_content":"","_et_gb_content_width":"1080","footnotes":""},"categories":[15],"tags":[],"class_list":["post-775","post","type-post","status-publish","format-standard","has-post-thumbnail","hentry","category-hygiene-de-vie"],"yoast_head":"<!-- This site is optimized with the Yoast SEO plugin v27.4 - https:\/\/yoast.com\/product\/yoast-seo-wordpress\/ -->\n<title>Rituel du soir, bonsoir ! - Julie Vidalenc<\/title>\n<meta name=\"description\" content=\"Pour comprendre que c\u2019est l\u2019heure de dormir, notre cerveau a besoin d\u2019un rituel du soir calme et apaisant.\" \/>\n<meta name=\"robots\" content=\"index, follow, max-snippet:-1, max-image-preview:large, max-video-preview:-1\" \/>\n<link rel=\"canonical\" href=\"https:\/\/julievidalenc.fr\/index.php\/2023\/11\/30\/rituel-du-soir\/\" \/>\n<meta property=\"og:locale\" content=\"fr_FR\" \/>\n<meta property=\"og:type\" content=\"article\" \/>\n<meta property=\"og:title\" content=\"Rituel du soir, bonsoir ! - Julie Vidalenc\" \/>\n<meta property=\"og:description\" content=\"Pour comprendre que c\u2019est l\u2019heure de dormir, notre cerveau a besoin d\u2019un rituel du soir calme et apaisant.\" \/>\n<meta property=\"og:url\" content=\"https:\/\/julievidalenc.fr\/index.php\/2023\/11\/30\/rituel-du-soir\/\" \/>\n<meta property=\"og:site_name\" content=\"Julie Vidalenc\" \/>\n<meta property=\"article:published_time\" content=\"2023-11-30T08:15:43+00:00\" \/>\n<meta property=\"article:modified_time\" content=\"2023-11-30T08:15:45+00:00\" \/>\n<meta property=\"og:image\" content=\"https:\/\/julievidalenc.fr\/wp-content\/uploads\/2023\/11\/sommeil_rituel_soir_1.jpg\" \/>\n\t<meta property=\"og:image:width\" content=\"1000\" \/>\n\t<meta property=\"og:image:height\" content=\"1500\" \/>\n\t<meta property=\"og:image:type\" content=\"image\/jpeg\" \/>\n<meta name=\"author\" content=\"Julie\" \/>\n<meta name=\"twitter:card\" content=\"summary_large_image\" \/>\n<meta name=\"twitter:label1\" content=\"\u00c9crit par\" \/>\n\t<meta name=\"twitter:data1\" content=\"Julie\" \/>\n\t<meta name=\"twitter:label2\" content=\"Dur\u00e9e de lecture estim\u00e9e\" \/>\n\t<meta name=\"twitter:data2\" content=\"5 minutes\" \/>\n<script type=\"application\/ld+json\" class=\"yoast-schema-graph\">{\"@context\":\"https:\\\/\\\/schema.org\",\"@graph\":[{\"@type\":\"Article\",\"@id\":\"https:\\\/\\\/julievidalenc.fr\\\/index.php\\\/2023\\\/11\\\/30\\\/rituel-du-soir\\\/#article\",\"isPartOf\":{\"@id\":\"https:\\\/\\\/julievidalenc.fr\\\/index.php\\\/2023\\\/11\\\/30\\\/rituel-du-soir\\\/\"},\"author\":{\"name\":\"Julie\",\"@id\":\"https:\\\/\\\/julievidalenc.fr\\\/#\\\/schema\\\/person\\\/3f4f1d5c258d00ef8999e04b167581d2\"},\"headline\":\"Rituel du soir, bonsoir !\",\"datePublished\":\"2023-11-30T08:15:43+00:00\",\"dateModified\":\"2023-11-30T08:15:45+00:00\",\"mainEntityOfPage\":{\"@id\":\"https:\\\/\\\/julievidalenc.fr\\\/index.php\\\/2023\\\/11\\\/30\\\/rituel-du-soir\\\/\"},\"wordCount\":1036,\"publisher\":{\"@id\":\"https:\\\/\\\/julievidalenc.fr\\\/#organization\"},\"image\":{\"@id\":\"https:\\\/\\\/julievidalenc.fr\\\/index.php\\\/2023\\\/11\\\/30\\\/rituel-du-soir\\\/#primaryimage\"},\"thumbnailUrl\":\"https:\\\/\\\/julievidalenc.fr\\\/wp-content\\\/uploads\\\/2023\\\/11\\\/sommeil_rituel_soir_1.jpg\",\"articleSection\":[\"Hygi\u00e8ne de vie\"],\"inLanguage\":\"fr-FR\"},{\"@type\":\"WebPage\",\"@id\":\"https:\\\/\\\/julievidalenc.fr\\\/index.php\\\/2023\\\/11\\\/30\\\/rituel-du-soir\\\/\",\"url\":\"https:\\\/\\\/julievidalenc.fr\\\/index.php\\\/2023\\\/11\\\/30\\\/rituel-du-soir\\\/\",\"name\":\"Rituel du soir, bonsoir ! - Julie Vidalenc\",\"isPartOf\":{\"@id\":\"https:\\\/\\\/julievidalenc.fr\\\/#website\"},\"primaryImageOfPage\":{\"@id\":\"https:\\\/\\\/julievidalenc.fr\\\/index.php\\\/2023\\\/11\\\/30\\\/rituel-du-soir\\\/#primaryimage\"},\"image\":{\"@id\":\"https:\\\/\\\/julievidalenc.fr\\\/index.php\\\/2023\\\/11\\\/30\\\/rituel-du-soir\\\/#primaryimage\"},\"thumbnailUrl\":\"https:\\\/\\\/julievidalenc.fr\\\/wp-content\\\/uploads\\\/2023\\\/11\\\/sommeil_rituel_soir_1.jpg\",\"datePublished\":\"2023-11-30T08:15:43+00:00\",\"dateModified\":\"2023-11-30T08:15:45+00:00\",\"description\":\"Pour comprendre que c\u2019est l\u2019heure de dormir, notre cerveau a besoin d\u2019un rituel du soir calme et apaisant.\",\"breadcrumb\":{\"@id\":\"https:\\\/\\\/julievidalenc.fr\\\/index.php\\\/2023\\\/11\\\/30\\\/rituel-du-soir\\\/#breadcrumb\"},\"inLanguage\":\"fr-FR\",\"potentialAction\":[{\"@type\":\"ReadAction\",\"target\":[\"https:\\\/\\\/julievidalenc.fr\\\/index.php\\\/2023\\\/11\\\/30\\\/rituel-du-soir\\\/\"]}]},{\"@type\":\"ImageObject\",\"inLanguage\":\"fr-FR\",\"@id\":\"https:\\\/\\\/julievidalenc.fr\\\/index.php\\\/2023\\\/11\\\/30\\\/rituel-du-soir\\\/#primaryimage\",\"url\":\"https:\\\/\\\/julievidalenc.fr\\\/wp-content\\\/uploads\\\/2023\\\/11\\\/sommeil_rituel_soir_1.jpg\",\"contentUrl\":\"https:\\\/\\\/julievidalenc.fr\\\/wp-content\\\/uploads\\\/2023\\\/11\\\/sommeil_rituel_soir_1.jpg\",\"width\":1000,\"height\":1500,\"caption\":\"sommeil_rituel_soir_1\"},{\"@type\":\"BreadcrumbList\",\"@id\":\"https:\\\/\\\/julievidalenc.fr\\\/index.php\\\/2023\\\/11\\\/30\\\/rituel-du-soir\\\/#breadcrumb\",\"itemListElement\":[{\"@type\":\"ListItem\",\"position\":1,\"name\":\"Accueil\",\"item\":\"https:\\\/\\\/julievidalenc.fr\\\/\"},{\"@type\":\"ListItem\",\"position\":2,\"name\":\"Rituel du soir, bonsoir !\"}]},{\"@type\":\"WebSite\",\"@id\":\"https:\\\/\\\/julievidalenc.fr\\\/#website\",\"url\":\"https:\\\/\\\/julievidalenc.fr\\\/\",\"name\":\"Julie Vidalenc\",\"description\":\"Sp\u00e9cialiste du sommeil Nantes\",\"publisher\":{\"@id\":\"https:\\\/\\\/julievidalenc.fr\\\/#organization\"},\"potentialAction\":[{\"@type\":\"SearchAction\",\"target\":{\"@type\":\"EntryPoint\",\"urlTemplate\":\"https:\\\/\\\/julievidalenc.fr\\\/?s={search_term_string}\"},\"query-input\":{\"@type\":\"PropertyValueSpecification\",\"valueRequired\":true,\"valueName\":\"search_term_string\"}}],\"inLanguage\":\"fr-FR\"},{\"@type\":\"Organization\",\"@id\":\"https:\\\/\\\/julievidalenc.fr\\\/#organization\",\"name\":\"Julie Vidalenc\",\"url\":\"https:\\\/\\\/julievidalenc.fr\\\/\",\"logo\":{\"@type\":\"ImageObject\",\"inLanguage\":\"fr-FR\",\"@id\":\"https:\\\/\\\/julievidalenc.fr\\\/#\\\/schema\\\/logo\\\/image\\\/\",\"url\":\"http:\\\/\\\/julievidalenc.fr\\\/wp-content\\\/uploads\\\/2023\\\/07\\\/LogoJVidalenc_RVB.png\",\"contentUrl\":\"http:\\\/\\\/julievidalenc.fr\\\/wp-content\\\/uploads\\\/2023\\\/07\\\/LogoJVidalenc_RVB.png\",\"width\":1258,\"height\":960,\"caption\":\"Julie Vidalenc\"},\"image\":{\"@id\":\"https:\\\/\\\/julievidalenc.fr\\\/#\\\/schema\\\/logo\\\/image\\\/\"}},{\"@type\":\"Person\",\"@id\":\"https:\\\/\\\/julievidalenc.fr\\\/#\\\/schema\\\/person\\\/3f4f1d5c258d00ef8999e04b167581d2\",\"name\":\"Julie\",\"image\":{\"@type\":\"ImageObject\",\"inLanguage\":\"fr-FR\",\"@id\":\"https:\\\/\\\/secure.gravatar.com\\\/avatar\\\/f7ae1a1f758c327f69121b69af76aa9f4d4d5f3d0c6cb2d276beb6a77ea622e3?s=96&d=mm&r=g\",\"url\":\"https:\\\/\\\/secure.gravatar.com\\\/avatar\\\/f7ae1a1f758c327f69121b69af76aa9f4d4d5f3d0c6cb2d276beb6a77ea622e3?s=96&d=mm&r=g\",\"contentUrl\":\"https:\\\/\\\/secure.gravatar.com\\\/avatar\\\/f7ae1a1f758c327f69121b69af76aa9f4d4d5f3d0c6cb2d276beb6a77ea622e3?s=96&d=mm&r=g\",\"caption\":\"Julie\"},\"sameAs\":[\"http:\\\/\\\/julievidalenc.fr\"],\"url\":\"https:\\\/\\\/julievidalenc.fr\\\/index.php\\\/author\\\/julie-vidalenc\\\/\"}]}<\/script>\n<!-- \/ Yoast SEO plugin. -->","yoast_head_json":{"title":"Rituel du soir, bonsoir ! - Julie Vidalenc","description":"Pour comprendre que c\u2019est l\u2019heure de dormir, notre cerveau a besoin d\u2019un rituel du soir calme et apaisant.","robots":{"index":"index","follow":"follow","max-snippet":"max-snippet:-1","max-image-preview":"max-image-preview:large","max-video-preview":"max-video-preview:-1"},"canonical":"https:\/\/julievidalenc.fr\/index.php\/2023\/11\/30\/rituel-du-soir\/","og_locale":"fr_FR","og_type":"article","og_title":"Rituel du soir, bonsoir ! - Julie Vidalenc","og_description":"Pour comprendre que c\u2019est l\u2019heure de dormir, notre cerveau a besoin d\u2019un rituel du soir calme et apaisant.","og_url":"https:\/\/julievidalenc.fr\/index.php\/2023\/11\/30\/rituel-du-soir\/","og_site_name":"Julie Vidalenc","article_published_time":"2023-11-30T08:15:43+00:00","article_modified_time":"2023-11-30T08:15:45+00:00","og_image":[{"width":1000,"height":1500,"url":"https:\/\/julievidalenc.fr\/wp-content\/uploads\/2023\/11\/sommeil_rituel_soir_1.jpg","type":"image\/jpeg"}],"author":"Julie","twitter_card":"summary_large_image","twitter_misc":{"\u00c9crit par":"Julie","Dur\u00e9e de lecture estim\u00e9e":"5 minutes"},"schema":{"@context":"https:\/\/schema.org","@graph":[{"@type":"Article","@id":"https:\/\/julievidalenc.fr\/index.php\/2023\/11\/30\/rituel-du-soir\/#article","isPartOf":{"@id":"https:\/\/julievidalenc.fr\/index.php\/2023\/11\/30\/rituel-du-soir\/"},"author":{"name":"Julie","@id":"https:\/\/julievidalenc.fr\/#\/schema\/person\/3f4f1d5c258d00ef8999e04b167581d2"},"headline":"Rituel du soir, bonsoir !","datePublished":"2023-11-30T08:15:43+00:00","dateModified":"2023-11-30T08:15:45+00:00","mainEntityOfPage":{"@id":"https:\/\/julievidalenc.fr\/index.php\/2023\/11\/30\/rituel-du-soir\/"},"wordCount":1036,"publisher":{"@id":"https:\/\/julievidalenc.fr\/#organization"},"image":{"@id":"https:\/\/julievidalenc.fr\/index.php\/2023\/11\/30\/rituel-du-soir\/#primaryimage"},"thumbnailUrl":"https:\/\/julievidalenc.fr\/wp-content\/uploads\/2023\/11\/sommeil_rituel_soir_1.jpg","articleSection":["Hygi\u00e8ne de vie"],"inLanguage":"fr-FR"},{"@type":"WebPage","@id":"https:\/\/julievidalenc.fr\/index.php\/2023\/11\/30\/rituel-du-soir\/","url":"https:\/\/julievidalenc.fr\/index.php\/2023\/11\/30\/rituel-du-soir\/","name":"Rituel du soir, bonsoir ! - Julie Vidalenc","isPartOf":{"@id":"https:\/\/julievidalenc.fr\/#website"},"primaryImageOfPage":{"@id":"https:\/\/julievidalenc.fr\/index.php\/2023\/11\/30\/rituel-du-soir\/#primaryimage"},"image":{"@id":"https:\/\/julievidalenc.fr\/index.php\/2023\/11\/30\/rituel-du-soir\/#primaryimage"},"thumbnailUrl":"https:\/\/julievidalenc.fr\/wp-content\/uploads\/2023\/11\/sommeil_rituel_soir_1.jpg","datePublished":"2023-11-30T08:15:43+00:00","dateModified":"2023-11-30T08:15:45+00:00","description":"Pour comprendre que c\u2019est l\u2019heure de dormir, notre cerveau a besoin d\u2019un rituel du soir calme et apaisant.","breadcrumb":{"@id":"https:\/\/julievidalenc.fr\/index.php\/2023\/11\/30\/rituel-du-soir\/#breadcrumb"},"inLanguage":"fr-FR","potentialAction":[{"@type":"ReadAction","target":["https:\/\/julievidalenc.fr\/index.php\/2023\/11\/30\/rituel-du-soir\/"]}]},{"@type":"ImageObject","inLanguage":"fr-FR","@id":"https:\/\/julievidalenc.fr\/index.php\/2023\/11\/30\/rituel-du-soir\/#primaryimage","url":"https:\/\/julievidalenc.fr\/wp-content\/uploads\/2023\/11\/sommeil_rituel_soir_1.jpg","contentUrl":"https:\/\/julievidalenc.fr\/wp-content\/uploads\/2023\/11\/sommeil_rituel_soir_1.jpg","width":1000,"height":1500,"caption":"sommeil_rituel_soir_1"},{"@type":"BreadcrumbList","@id":"https:\/\/julievidalenc.fr\/index.php\/2023\/11\/30\/rituel-du-soir\/#breadcrumb","itemListElement":[{"@type":"ListItem","position":1,"name":"Accueil","item":"https:\/\/julievidalenc.fr\/"},{"@type":"ListItem","position":2,"name":"Rituel du soir, bonsoir !"}]},{"@type":"WebSite","@id":"https:\/\/julievidalenc.fr\/#website","url":"https:\/\/julievidalenc.fr\/","name":"Julie Vidalenc","description":"Sp\u00e9cialiste du sommeil Nantes","publisher":{"@id":"https:\/\/julievidalenc.fr\/#organization"},"potentialAction":[{"@type":"SearchAction","target":{"@type":"EntryPoint","urlTemplate":"https:\/\/julievidalenc.fr\/?s={search_term_string}"},"query-input":{"@type":"PropertyValueSpecification","valueRequired":true,"valueName":"search_term_string"}}],"inLanguage":"fr-FR"},{"@type":"Organization","@id":"https:\/\/julievidalenc.fr\/#organization","name":"Julie Vidalenc","url":"https:\/\/julievidalenc.fr\/","logo":{"@type":"ImageObject","inLanguage":"fr-FR","@id":"https:\/\/julievidalenc.fr\/#\/schema\/logo\/image\/","url":"http:\/\/julievidalenc.fr\/wp-content\/uploads\/2023\/07\/LogoJVidalenc_RVB.png","contentUrl":"http:\/\/julievidalenc.fr\/wp-content\/uploads\/2023\/07\/LogoJVidalenc_RVB.png","width":1258,"height":960,"caption":"Julie Vidalenc"},"image":{"@id":"https:\/\/julievidalenc.fr\/#\/schema\/logo\/image\/"}},{"@type":"Person","@id":"https:\/\/julievidalenc.fr\/#\/schema\/person\/3f4f1d5c258d00ef8999e04b167581d2","name":"Julie","image":{"@type":"ImageObject","inLanguage":"fr-FR","@id":"https:\/\/secure.gravatar.com\/avatar\/f7ae1a1f758c327f69121b69af76aa9f4d4d5f3d0c6cb2d276beb6a77ea622e3?s=96&d=mm&r=g","url":"https:\/\/secure.gravatar.com\/avatar\/f7ae1a1f758c327f69121b69af76aa9f4d4d5f3d0c6cb2d276beb6a77ea622e3?s=96&d=mm&r=g","contentUrl":"https:\/\/secure.gravatar.com\/avatar\/f7ae1a1f758c327f69121b69af76aa9f4d4d5f3d0c6cb2d276beb6a77ea622e3?s=96&d=mm&r=g","caption":"Julie"},"sameAs":["http:\/\/julievidalenc.fr"],"url":"https:\/\/julievidalenc.fr\/index.php\/author\/julie-vidalenc\/"}]}},"_links":{"self":[{"href":"https:\/\/julievidalenc.fr\/index.php\/wp-json\/wp\/v2\/posts\/775","targetHints":{"allow":["GET"]}}],"collection":[{"href":"https:\/\/julievidalenc.fr\/index.php\/wp-json\/wp\/v2\/posts"}],"about":[{"href":"https:\/\/julievidalenc.fr\/index.php\/wp-json\/wp\/v2\/types\/post"}],"author":[{"embeddable":true,"href":"https:\/\/julievidalenc.fr\/index.php\/wp-json\/wp\/v2\/users\/2"}],"replies":[{"embeddable":true,"href":"https:\/\/julievidalenc.fr\/index.php\/wp-json\/wp\/v2\/comments?post=775"}],"version-history":[{"count":4,"href":"https:\/\/julievidalenc.fr\/index.php\/wp-json\/wp\/v2\/posts\/775\/revisions"}],"predecessor-version":[{"id":780,"href":"https:\/\/julievidalenc.fr\/index.php\/wp-json\/wp\/v2\/posts\/775\/revisions\/780"}],"wp:featuredmedia":[{"embeddable":true,"href":"https:\/\/julievidalenc.fr\/index.php\/wp-json\/wp\/v2\/media\/777"}],"wp:attachment":[{"href":"https:\/\/julievidalenc.fr\/index.php\/wp-json\/wp\/v2\/media?parent=775"}],"wp:term":[{"taxonomy":"category","embeddable":true,"href":"https:\/\/julievidalenc.fr\/index.php\/wp-json\/wp\/v2\/categories?post=775"},{"taxonomy":"post_tag","embeddable":true,"href":"https:\/\/julievidalenc.fr\/index.php\/wp-json\/wp\/v2\/tags?post=775"}],"curies":[{"name":"wp","href":"https:\/\/api.w.org\/{rel}","templated":true}]}}